{"id":14786,"date":"2019-04-22T12:23:50","date_gmt":"2019-04-22T11:23:50","guid":{"rendered":"http:\/\/castthedice.org\/?p=14786"},"modified":"2019-04-22T12:23:50","modified_gmt":"2019-04-22T11:23:50","slug":"derya-yildirim-grup-simsek-set-to-release-debut-album-kar-yagar","status":"publish","type":"post","link":"https:\/\/castthedice.org\/?p=14786","title":{"rendered":"Derya Y\u0131ld\u0131r\u0131m &#038; Grup \u015eim\u015fek set to release debut album <em>Kar Ya\u011far<\/em>"},"content":{"rendered":"<p><img loading=\"lazy\" decoding=\"async\" class=\"aligncenter size-full wp-image-14788\" src=\"https:\/\/castthedice.org\/wordpress\/wp-content\/uploads\/photosimsekvenezia.jpg\" alt=\"\" width=\"765\" height=\"510\" \/><\/p>\n<p style=\"text-align: justify;\">Fronted by Turkish singer and multi-instrumentalist Derya Y\u0131ld\u0131r\u0131m, and with members hailing from Germany, France, Italy and Great Britain, psych-pop quintet <a href=\"https:\/\/www.facebook.com\/deryayildirimandgrupsimsek\/\" target=\"_blank\" rel=\"noopener\">Derya Y\u0131ld\u0131r\u0131m &amp; Grup \u015eim\u015fek<\/a> are gearing up to release their debut album <em>Kar Ya\u011far<\/em>. Translating as &#8220;Snow Falls&#8221;, <em>Kar Ya\u011far<\/em> marvelously blends a mixture of influences and genres, from Anatolian roots music and 70\u2019s jazz to early prog rock. The record, and as the press release describes, &#8220;has the dynamics of an epic journey through the Anatolian highlands where deep-rooted folk effortlessly switches to sparkly improvisation or dancy pop tracks.&#8221; Comprising original songs and instrumentals, <em>Kar Ya\u011far<\/em> also features Turkish folk songs re-arranged by the band.<br \/>\nAhead of its release on May 24th through <a href=\"https:\/\/www.catapulterecords.com\/\" target=\"_blank\" rel=\"noopener\">Catapulte Records<\/a>, Derya Y\u0131ld\u0131r\u0131m &amp; Grup \u015eim\u015fek have shared a string of singles. Take a listen to the stunning and hypnotizing opening track &#8220;\u00dc\u00e7 K\u0131z Bir Ana&#8221; and the album\u00b4s closer &#8220;Oy Oy Emine&#8221;. The latter, a cover of a traditional Turkish song, comes with a video by Agnieszka Gasiorek and Marcin Dominiak.<\/p>\n<p><iframe style=\"border: 0; width: 100%; height: 120px;\" src=\"https:\/\/bandcamp.com\/EmbeddedPlayer\/album=1450900750\/size=large\/bgcol=ffffff\/linkcol=de270f\/tracklist=false\/artwork=small\/track=1967222863\/transparent=true\/\" seamless=\"\"><a href=\"http:\/\/deryayildirimandgrupsimsek.bandcamp.com\/album\/kar-ya-ar\">Kar Ya\u011far by Derya Y\u0131ld\u0131r\u0131m &amp; Grup \u015eim\u015fek<\/a><\/iframe><br \/>\n<iframe loading=\"lazy\" src=\"https:\/\/www.youtube.com\/embed\/j8qBqc8PX9Y\" width=\"560\" height=\"315\" frameborder=\"0\" allowfullscreen=\"allowfullscreen\"><\/iframe><\/p>\n","protected":false},"excerpt":{"rendered":"<p>Fronted by Turkish singer and multi-instrumentalist Derya Y\u0131ld\u0131r\u0131m, and with members hailing from Germany, France, Italy and Great Britain, psych-pop quintet Derya Y\u0131ld\u0131r\u0131m &amp; Grup \u015eim\u015fek are gearing up to release their debut album Kar Ya\u011far. Translating as &#8220;Snow Falls&#8221;, Kar Ya\u011far marvelously blends a mixture of influences and genres, from Anatolian roots music and [&hellip;]<\/p>\n","protected":false},"author":1,"featured_media":14788,"comment_status":"open","ping_status":"open","sticky":false,"template":"","format":"standard","meta":{"_acf_changed":false,"footnotes":""},"categories":[3],"tags":[2077],"class_list":["post-14786","post","type-post","status-publish","format-standard","has-post-thumbnail","hentry","category-blog","tag-derya-yildirim-grup-simsek"],"acf":[],"_links":{"self":[{"href":"https:\/\/castthedice.org\/index.php?rest_route=\/wp\/v2\/posts\/14786","targetHints":{"allow":["GET"]}}],"collection":[{"href":"https:\/\/castthedice.org\/index.php?rest_route=\/wp\/v2\/posts"}],"about":[{"href":"https:\/\/castthedice.org\/index.php?rest_route=\/wp\/v2\/types\/post"}],"author":[{"embeddable":true,"href":"https:\/\/castthedice.org\/index.php?rest_route=\/wp\/v2\/users\/1"}],"replies":[{"embeddable":true,"href":"https:\/\/castthedice.org\/index.php?rest_route=%2Fwp%2Fv2%2Fcomments&post=14786"}],"version-history":[{"count":5,"href":"https:\/\/castthedice.org\/index.php?rest_route=\/wp\/v2\/posts\/14786\/revisions"}],"predecessor-version":[{"id":14792,"href":"https:\/\/castthedice.org\/index.php?rest_route=\/wp\/v2\/posts\/14786\/revisions\/14792"}],"wp:featuredmedia":[{"embeddable":true,"href":"https:\/\/castthedice.org\/index.php?rest_route=\/wp\/v2\/media\/14788"}],"wp:attachment":[{"href":"https:\/\/castthedice.org\/index.php?rest_route=%2Fwp%2Fv2%2Fmedia&parent=14786"}],"wp:term":[{"taxonomy":"category","embeddable":true,"href":"https:\/\/castthedice.org\/index.php?rest_route=%2Fwp%2Fv2%2Fcategories&post=14786"},{"taxonomy":"post_tag","embeddable":true,"href":"https:\/\/castthedice.org\/index.php?rest_route=%2Fwp%2Fv2%2Ftags&post=14786"}],"curies":[{"name":"wp","href":"https:\/\/api.w.org\/{rel}","templated":true}]}}